{"id":20233,"date":"2020-01-09T13:32:58","date_gmt":"2020-01-09T13:32:58","guid":{"rendered":"https:\/\/vwbonto.hu\/?p=20233"},"modified":"2020-09-30T12:43:14","modified_gmt":"2020-09-30T12:43:14","slug":"turbo-feltolto-amf-motorokhoz","status":"publish","type":"post","link":"https:\/\/vwbonto.hu\/hu\/turbo-feltolto-amf-motorokhoz\/","title":{"rendered":"VW Turb\u00f3felt\u00f6lt\u0151 1.4 PDTDi"},"content":{"rendered":"<p>Elad\u00e1sra k\u00edn\u00e1ljuk a k\u00e9peken l\u00e1that\u00f3 \u00e1llapotban \u00a0Turb\u00f3felt\u00f6lt\u0151ket.<\/p>\n<p>045 145 701, 045 145 701J<\/p>\n<p>AMF motorokhoz.<\/p>\n<p>M\u00e1r 18. \u00e9ve vagyunk jelen az alkatr\u00e9sz piacon, t\u00f6bb ezer bevizsg\u00e1lt alkatr\u00e9sz k\u00f6z\u00fcl v\u00e1laszthat!<br \/>\nFut\u00e1rszolg\u00e1lattal ak\u00e1r 1nap alatt az orsz\u00e1g b\u00e1rmely ter\u00fclet\u00e9re eljuttatjuk a megrendelt alkatr\u00e9szt!A kiv\u00e1lasztott, vagy keresett alkatr\u00e9sz \u00e9s\/vagy tartoz\u00e9k aktu\u00e1lis \u00e1r\u00e1r\u00f3l \u00e9rdekl\u0151dj\u00f6n el\u00e9rhet\u0151s\u00e9geinken. K\u00f6sz\u00f6nj\u00fck!K\u00e9rjen t\u0151l\u00fcnk \u00e1raj\u00e1nlatot!<br \/>\nKeressen minket el\u00e9rhet\u0151s\u00e9geinken!<\/p>\n<p>VW Audi Seat Skoda alkatr\u00e9sz<\/p>","protected":false},"excerpt":{"rendered":"<p>Elad\u00e1sra k\u00edn\u00e1ljuk a k\u00e9peken l\u00e1that\u00f3 \u00e1llapotban \u00a0Turb\u00f3felt\u00f6lt\u0151ket. 045 145 701, 045 145 701J AMF motorokhoz. M\u00e1r 18. \u00e9ve vagyunk jelen az alkatr\u00e9sz piacon, t\u00f6bb ezer bevizsg\u00e1lt alkatr\u00e9sz k\u00f6z\u00fcl v\u00e1laszthat! Fut\u00e1rszolg\u00e1lattal ak\u00e1r 1nap alatt az orsz\u00e1g b\u00e1rmely ter\u00fclet\u00e9re eljuttatjuk a megrendelt alkatr\u00e9szt!A kiv\u00e1lasztott, vagy keresett alkatr\u00e9sz \u00e9s\/vagy tartoz\u00e9k aktu\u00e1lis \u00e1r\u00e1r\u00f3l \u00e9rdekl\u0151dj\u00f6n el\u00e9rhet\u0151s\u00e9geinken. K\u00f6sz\u00f6nj\u00fck!K\u00e9rjen t\u0151l\u00fcnk \u00e1raj\u00e1nlatot! Keressen [&hellip;]<\/p>\n","protected":false},"author":2,"featured_media":20234,"comment_status":"open","ping_status":"open","sticky":false,"template":"","format":"standard","meta":{"_acf_changed":false,"footnotes":""},"categories":[111,125,126],"tags":[817,819,619,172,820,286,568,171,553],"class_list":["post-20233","post","type-post","status-publish","format-standard","has-post-thumbnail","hentry","category-lupo-1998-2006","category-polo-2002-2005","category-polo-2005-2008","tag-1-4-pdtdi","tag-amf","tag-fabia","tag-feltolto","tag-lupo","tag-polo","tag-skoda","tag-turbo","tag-vw"],"acf":[],"yoast_head":"<!-- This site is optimized with the Yoast SEO plugin v26.8 - https:\/\/yoast.com\/product\/yoast-seo-wordpress\/ -->\n<title>VW Turb\u00f3felt\u00f6lt\u0151 1.4 PDTDi - VW-AUDI Bont\u00f3<\/title>\n<meta name=\"robots\" content=\"index, follow, max-snippet:-1, max-image-preview:large, max-video-preview:-1\" \/>\n<link rel=\"canonical\" href=\"https:\/\/vwbonto.hu\/hu\/turbo-feltolto-amf-motorokhoz\/\" \/>\n<meta property=\"og:locale\" content=\"hu_HU\" \/>\n<meta property=\"og:type\" content=\"article\" \/>\n<meta property=\"og:title\" content=\"VW Turb\u00f3felt\u00f6lt\u0151 1.4 PDTDi - VW-AUDI Bont\u00f3\" \/>\n<meta property=\"og:description\" content=\"Elad\u00e1sra k\u00edn\u00e1ljuk a k\u00e9peken l\u00e1that\u00f3 \u00e1llapotban \u00a0Turb\u00f3felt\u00f6lt\u0151ket. 045 145 701, 045 145 701J AMF motorokhoz. M\u00e1r 18. \u00e9ve vagyunk jelen az alkatr\u00e9sz piacon, t\u00f6bb ezer bevizsg\u00e1lt alkatr\u00e9sz k\u00f6z\u00fcl v\u00e1laszthat! Fut\u00e1rszolg\u00e1lattal ak\u00e1r 1nap alatt az orsz\u00e1g b\u00e1rmely ter\u00fclet\u00e9re eljuttatjuk a megrendelt alkatr\u00e9szt!A kiv\u00e1lasztott, vagy keresett alkatr\u00e9sz \u00e9s\/vagy tartoz\u00e9k aktu\u00e1lis \u00e1r\u00e1r\u00f3l \u00e9rdekl\u0151dj\u00f6n el\u00e9rhet\u0151s\u00e9geinken. K\u00f6sz\u00f6nj\u00fck!K\u00e9rjen t\u0151l\u00fcnk \u00e1raj\u00e1nlatot! Keressen [&hellip;]\" \/>\n<meta property=\"og:url\" content=\"https:\/\/vwbonto.hu\/hu\/turbo-feltolto-amf-motorokhoz\/\" \/>\n<meta property=\"og:site_name\" content=\"VW-AUDI Bont\u00f3\" \/>\n<meta property=\"article:published_time\" content=\"2020-01-09T13:32:58+00:00\" \/>\n<meta property=\"article:modified_time\" content=\"2020-09-30T12:43:14+00:00\" \/>\n<meta property=\"og:image\" content=\"https:\/\/vwbonto.hu\/wp-content\/uploads\/2020\/01\/IMG_3151.jpg\" \/>\n\t<meta property=\"og:image:width\" content=\"1920\" \/>\n\t<meta property=\"og:image:height\" content=\"1440\" \/>\n\t<meta property=\"og:image:type\" content=\"image\/jpeg\" \/>\n<meta name=\"author\" content=\"vwbonto\" \/>\n<meta name=\"twitter:card\" content=\"summary_large_image\" \/>\n<meta name=\"twitter:label1\" content=\"Szerz\u0151:\" \/>\n\t<meta name=\"twitter:data1\" content=\"vwbonto\" \/>\n\t<meta name=\"twitter:label2\" content=\"Becs\u00fclt olvas\u00e1si id\u0151\" \/>\n\t<meta name=\"twitter:data2\" content=\"1 perc\" \/>\n<script type=\"application\/ld+json\" class=\"yoast-schema-graph\">{\"@context\":\"https:\/\/schema.org\",\"@graph\":[{\"@type\":\"Article\",\"@id\":\"https:\/\/vwbonto.hu\/hu\/turbo-feltolto-amf-motorokhoz\/#article\",\"isPartOf\":{\"@id\":\"https:\/\/vwbonto.hu\/hu\/turbo-feltolto-amf-motorokhoz\/\"},\"author\":{\"name\":\"vwbonto\",\"@id\":\"https:\/\/vwbonto.hu\/hu\/#\/schema\/person\/0dfcd89262d120f5ec83f75df66f53e7\"},\"headline\":\"VW Turb\u00f3felt\u00f6lt\u0151 1.4 PDTDi\",\"datePublished\":\"2020-01-09T13:32:58+00:00\",\"dateModified\":\"2020-09-30T12:43:14+00:00\",\"mainEntityOfPage\":{\"@id\":\"https:\/\/vwbonto.hu\/hu\/turbo-feltolto-amf-motorokhoz\/\"},\"wordCount\":112,\"commentCount\":0,\"image\":{\"@id\":\"https:\/\/vwbonto.hu\/hu\/turbo-feltolto-amf-motorokhoz\/#primaryimage\"},\"thumbnailUrl\":\"https:\/\/vwbonto.hu\/wp-content\/uploads\/2020\/01\/IMG_3151.jpg\",\"keywords\":[\"1.4 PDTDi\",\"AMF\",\"fabia\",\"felt\u00f6lt\u0151\",\"lupo\",\"polo\",\"skoda\",\"turb\u00f3\",\"vw\"],\"articleSection\":[\"Lupo 1998-2006\",\"Polo 2002-2005\",\"Polo 2005-2008\"],\"inLanguage\":\"hu\",\"potentialAction\":[{\"@type\":\"CommentAction\",\"name\":\"Comment\",\"target\":[\"https:\/\/vwbonto.hu\/hu\/turbo-feltolto-amf-motorokhoz\/#respond\"]}]},{\"@type\":\"WebPage\",\"@id\":\"https:\/\/vwbonto.hu\/hu\/turbo-feltolto-amf-motorokhoz\/\",\"url\":\"https:\/\/vwbonto.hu\/hu\/turbo-feltolto-amf-motorokhoz\/\",\"name\":\"[:hu]VW Turb\u00f3felt\u00f6lt\u0151 1.4 PDTDi[:] - VW-AUDI Bont\u00f3\",\"isPartOf\":{\"@id\":\"https:\/\/vwbonto.hu\/hu\/#website\"},\"primaryImageOfPage\":{\"@id\":\"https:\/\/vwbonto.hu\/hu\/turbo-feltolto-amf-motorokhoz\/#primaryimage\"},\"image\":{\"@id\":\"https:\/\/vwbonto.hu\/hu\/turbo-feltolto-amf-motorokhoz\/#primaryimage\"},\"thumbnailUrl\":\"https:\/\/vwbonto.hu\/wp-content\/uploads\/2020\/01\/IMG_3151.jpg\",\"datePublished\":\"2020-01-09T13:32:58+00:00\",\"dateModified\":\"2020-09-30T12:43:14+00:00\",\"author\":{\"@id\":\"https:\/\/vwbonto.hu\/hu\/#\/schema\/person\/0dfcd89262d120f5ec83f75df66f53e7\"},\"breadcrumb\":{\"@id\":\"https:\/\/vwbonto.hu\/hu\/turbo-feltolto-amf-motorokhoz\/#breadcrumb\"},\"inLanguage\":\"hu\",\"potentialAction\":[{\"@type\":\"ReadAction\",\"target\":[\"https:\/\/vwbonto.hu\/hu\/turbo-feltolto-amf-motorokhoz\/\"]}]},{\"@type\":\"ImageObject\",\"inLanguage\":\"hu\",\"@id\":\"https:\/\/vwbonto.hu\/hu\/turbo-feltolto-amf-motorokhoz\/#primaryimage\",\"url\":\"https:\/\/vwbonto.hu\/wp-content\/uploads\/2020\/01\/IMG_3151.jpg\",\"contentUrl\":\"https:\/\/vwbonto.hu\/wp-content\/uploads\/2020\/01\/IMG_3151.jpg\",\"width\":1920,\"height\":1440},{\"@type\":\"BreadcrumbList\",\"@id\":\"https:\/\/vwbonto.hu\/hu\/turbo-feltolto-amf-motorokhoz\/#breadcrumb\",\"itemListElement\":[{\"@type\":\"ListItem\",\"position\":1,\"name\":\"Home\",\"item\":\"https:\/\/vwbonto.hu\/hu\/\"},{\"@type\":\"ListItem\",\"position\":2,\"name\":\"VW Turb\u00f3felt\u00f6lt\u0151 1.4 PDTDi\"}]},{\"@type\":\"WebSite\",\"@id\":\"https:\/\/vwbonto.hu\/hu\/#website\",\"url\":\"https:\/\/vwbonto.hu\/hu\/\",\"name\":\"VW-AUDI Bont\u00f3\",\"description\":\"Bontott, \u00faj, ut\u00e1ngy\u00e1rtott VW \u00e9s AUDI alkatr\u00e9szek. 1184 Budapest, Lakatos \u00fat 65.\",\"potentialAction\":[{\"@type\":\"SearchAction\",\"target\":{\"@type\":\"EntryPoint\",\"urlTemplate\":\"https:\/\/vwbonto.hu\/hu\/?s={search_term_string}\"},\"query-input\":{\"@type\":\"PropertyValueSpecification\",\"valueRequired\":true,\"valueName\":\"search_term_string\"}}],\"inLanguage\":\"hu\"},{\"@type\":\"Person\",\"@id\":\"https:\/\/vwbonto.hu\/hu\/#\/schema\/person\/0dfcd89262d120f5ec83f75df66f53e7\",\"name\":\"vwbonto\",\"image\":{\"@type\":\"ImageObject\",\"inLanguage\":\"hu\",\"@id\":\"https:\/\/vwbonto.hu\/hu\/#\/schema\/person\/image\/\",\"url\":\"https:\/\/secure.gravatar.com\/avatar\/1f61a5962e8487988efa24b0c5b36f75?s=96&d=mm&r=g\",\"contentUrl\":\"https:\/\/secure.gravatar.com\/avatar\/1f61a5962e8487988efa24b0c5b36f75?s=96&d=mm&r=g\",\"caption\":\"vwbonto\"},\"url\":\"https:\/\/vwbonto.hu\/hu\/author\/vwbonto\/\"}]}<\/script>\n<!-- \/ Yoast SEO plugin. -->","yoast_head_json":{"title":"VW Turb\u00f3felt\u00f6lt\u0151 1.4 PDTDi - VW-AUDI Bont\u00f3","robots":{"index":"index","follow":"follow","max-snippet":"max-snippet:-1","max-image-preview":"max-image-preview:large","max-video-preview":"max-video-preview:-1"},"canonical":"https:\/\/vwbonto.hu\/hu\/turbo-feltolto-amf-motorokhoz\/","og_locale":"hu_HU","og_type":"article","og_title":"VW Turb\u00f3felt\u00f6lt\u0151 1.4 PDTDi - VW-AUDI Bont\u00f3","og_description":"Elad\u00e1sra k\u00edn\u00e1ljuk a k\u00e9peken l\u00e1that\u00f3 \u00e1llapotban \u00a0Turb\u00f3felt\u00f6lt\u0151ket. 045 145 701, 045 145 701J AMF motorokhoz. M\u00e1r 18. \u00e9ve vagyunk jelen az alkatr\u00e9sz piacon, t\u00f6bb ezer bevizsg\u00e1lt alkatr\u00e9sz k\u00f6z\u00fcl v\u00e1laszthat! Fut\u00e1rszolg\u00e1lattal ak\u00e1r 1nap alatt az orsz\u00e1g b\u00e1rmely ter\u00fclet\u00e9re eljuttatjuk a megrendelt alkatr\u00e9szt!A kiv\u00e1lasztott, vagy keresett alkatr\u00e9sz \u00e9s\/vagy tartoz\u00e9k aktu\u00e1lis \u00e1r\u00e1r\u00f3l \u00e9rdekl\u0151dj\u00f6n el\u00e9rhet\u0151s\u00e9geinken. K\u00f6sz\u00f6nj\u00fck!K\u00e9rjen t\u0151l\u00fcnk \u00e1raj\u00e1nlatot! Keressen [&hellip;]","og_url":"https:\/\/vwbonto.hu\/hu\/turbo-feltolto-amf-motorokhoz\/","og_site_name":"VW-AUDI Bont\u00f3","article_published_time":"2020-01-09T13:32:58+00:00","article_modified_time":"2020-09-30T12:43:14+00:00","og_image":[{"width":1920,"height":1440,"url":"https:\/\/vwbonto.hu\/wp-content\/uploads\/2020\/01\/IMG_3151.jpg","type":"image\/jpeg"}],"author":"vwbonto","twitter_card":"summary_large_image","twitter_misc":{"Szerz\u0151:":"vwbonto","Becs\u00fclt olvas\u00e1si id\u0151":"1 perc"},"schema":{"@context":"https:\/\/schema.org","@graph":[{"@type":"Article","@id":"https:\/\/vwbonto.hu\/hu\/turbo-feltolto-amf-motorokhoz\/#article","isPartOf":{"@id":"https:\/\/vwbonto.hu\/hu\/turbo-feltolto-amf-motorokhoz\/"},"author":{"name":"vwbonto","@id":"https:\/\/vwbonto.hu\/hu\/#\/schema\/person\/0dfcd89262d120f5ec83f75df66f53e7"},"headline":"VW Turb\u00f3felt\u00f6lt\u0151 1.4 PDTDi","datePublished":"2020-01-09T13:32:58+00:00","dateModified":"2020-09-30T12:43:14+00:00","mainEntityOfPage":{"@id":"https:\/\/vwbonto.hu\/hu\/turbo-feltolto-amf-motorokhoz\/"},"wordCount":112,"commentCount":0,"image":{"@id":"https:\/\/vwbonto.hu\/hu\/turbo-feltolto-amf-motorokhoz\/#primaryimage"},"thumbnailUrl":"https:\/\/vwbonto.hu\/wp-content\/uploads\/2020\/01\/IMG_3151.jpg","keywords":["1.4 PDTDi","AMF","fabia","felt\u00f6lt\u0151","lupo","polo","skoda","turb\u00f3","vw"],"articleSection":["Lupo 1998-2006","Polo 2002-2005","Polo 2005-2008"],"inLanguage":"hu","potentialAction":[{"@type":"CommentAction","name":"Comment","target":["https:\/\/vwbonto.hu\/hu\/turbo-feltolto-amf-motorokhoz\/#respond"]}]},{"@type":"WebPage","@id":"https:\/\/vwbonto.hu\/hu\/turbo-feltolto-amf-motorokhoz\/","url":"https:\/\/vwbonto.hu\/hu\/turbo-feltolto-amf-motorokhoz\/","name":"[:hu]VW Turb\u00f3felt\u00f6lt\u0151 1.4 PDTDi[:] - VW-AUDI Bont\u00f3","isPartOf":{"@id":"https:\/\/vwbonto.hu\/hu\/#website"},"primaryImageOfPage":{"@id":"https:\/\/vwbonto.hu\/hu\/turbo-feltolto-amf-motorokhoz\/#primaryimage"},"image":{"@id":"https:\/\/vwbonto.hu\/hu\/turbo-feltolto-amf-motorokhoz\/#primaryimage"},"thumbnailUrl":"https:\/\/vwbonto.hu\/wp-content\/uploads\/2020\/01\/IMG_3151.jpg","datePublished":"2020-01-09T13:32:58+00:00","dateModified":"2020-09-30T12:43:14+00:00","author":{"@id":"https:\/\/vwbonto.hu\/hu\/#\/schema\/person\/0dfcd89262d120f5ec83f75df66f53e7"},"breadcrumb":{"@id":"https:\/\/vwbonto.hu\/hu\/turbo-feltolto-amf-motorokhoz\/#breadcrumb"},"inLanguage":"hu","potentialAction":[{"@type":"ReadAction","target":["https:\/\/vwbonto.hu\/hu\/turbo-feltolto-amf-motorokhoz\/"]}]},{"@type":"ImageObject","inLanguage":"hu","@id":"https:\/\/vwbonto.hu\/hu\/turbo-feltolto-amf-motorokhoz\/#primaryimage","url":"https:\/\/vwbonto.hu\/wp-content\/uploads\/2020\/01\/IMG_3151.jpg","contentUrl":"https:\/\/vwbonto.hu\/wp-content\/uploads\/2020\/01\/IMG_3151.jpg","width":1920,"height":1440},{"@type":"BreadcrumbList","@id":"https:\/\/vwbonto.hu\/hu\/turbo-feltolto-amf-motorokhoz\/#breadcrumb","itemListElement":[{"@type":"ListItem","position":1,"name":"Home","item":"https:\/\/vwbonto.hu\/hu\/"},{"@type":"ListItem","position":2,"name":"VW Turb\u00f3felt\u00f6lt\u0151 1.4 PDTDi"}]},{"@type":"WebSite","@id":"https:\/\/vwbonto.hu\/hu\/#website","url":"https:\/\/vwbonto.hu\/hu\/","name":"VW-AUDI Bont\u00f3","description":"Bontott, \u00faj, ut\u00e1ngy\u00e1rtott VW \u00e9s AUDI alkatr\u00e9szek. 1184 Budapest, Lakatos \u00fat 65.","potentialAction":[{"@type":"SearchAction","target":{"@type":"EntryPoint","urlTemplate":"https:\/\/vwbonto.hu\/hu\/?s={search_term_string}"},"query-input":{"@type":"PropertyValueSpecification","valueRequired":true,"valueName":"search_term_string"}}],"inLanguage":"hu"},{"@type":"Person","@id":"https:\/\/vwbonto.hu\/hu\/#\/schema\/person\/0dfcd89262d120f5ec83f75df66f53e7","name":"vwbonto","image":{"@type":"ImageObject","inLanguage":"hu","@id":"https:\/\/vwbonto.hu\/hu\/#\/schema\/person\/image\/","url":"https:\/\/secure.gravatar.com\/avatar\/1f61a5962e8487988efa24b0c5b36f75?s=96&d=mm&r=g","contentUrl":"https:\/\/secure.gravatar.com\/avatar\/1f61a5962e8487988efa24b0c5b36f75?s=96&d=mm&r=g","caption":"vwbonto"},"url":"https:\/\/vwbonto.hu\/hu\/author\/vwbonto\/"}]}},"_links":{"self":[{"href":"https:\/\/vwbonto.hu\/hu\/wp-json\/wp\/v2\/posts\/20233","targetHints":{"allow":["GET"]}}],"collection":[{"href":"https:\/\/vwbonto.hu\/hu\/wp-json\/wp\/v2\/posts"}],"about":[{"href":"https:\/\/vwbonto.hu\/hu\/wp-json\/wp\/v2\/types\/post"}],"author":[{"embeddable":true,"href":"https:\/\/vwbonto.hu\/hu\/wp-json\/wp\/v2\/users\/2"}],"replies":[{"embeddable":true,"href":"https:\/\/vwbonto.hu\/hu\/wp-json\/wp\/v2\/comments?post=20233"}],"version-history":[{"count":2,"href":"https:\/\/vwbonto.hu\/hu\/wp-json\/wp\/v2\/posts\/20233\/revisions"}],"predecessor-version":[{"id":22311,"href":"https:\/\/vwbonto.hu\/hu\/wp-json\/wp\/v2\/posts\/20233\/revisions\/22311"}],"wp:featuredmedia":[{"embeddable":true,"href":"https:\/\/vwbonto.hu\/hu\/wp-json\/wp\/v2\/media\/20234"}],"wp:attachment":[{"href":"https:\/\/vwbonto.hu\/hu\/wp-json\/wp\/v2\/media?parent=20233"}],"wp:term":[{"taxonomy":"category","embeddable":true,"href":"https:\/\/vwbonto.hu\/hu\/wp-json\/wp\/v2\/categories?post=20233"},{"taxonomy":"post_tag","embeddable":true,"href":"https:\/\/vwbonto.hu\/hu\/wp-json\/wp\/v2\/tags?post=20233"}],"curies":[{"name":"wp","href":"https:\/\/api.w.org\/{rel}","templated":true}]}}